{"id":6399,"date":"2021-05-25T11:34:16","date_gmt":"2021-05-25T11:34:16","guid":{"rendered":"https:\/\/kastelir-labinci.com\/2021\/05\/25\/a-walk-through-history\/"},"modified":"2021-08-03T12:56:20","modified_gmt":"2021-08-03T12:56:20","slug":"ein-spaziergang-durch-die-geschichte","status":"publish","type":"post","link":"https:\/\/kastelir-labinci.com\/de\/2021\/05\/25\/ein-spaziergang-durch-die-geschichte\/","title":{"rendered":"Ein Spaziergang durch die Geschichte"},"content":{"rendered":"\n<p>Wir sind stolz auf seine reiche Geschichte und Geb\u00e4ude, die noch heute lebendig sind, und es geh\u00f6ren sicherlich zwei alte Kirchen dazu, die Sie besichtigen und die au\u00dfergew\u00f6hnlichen Motive der sakralen Kunst bewundern k\u00f6nnen.<\/p>\n\n\n\n<h2 class=\"wp-block-heading\">PFARREI DES HL. JOHANNES DES T\u00c4UFERS \u2013 LABINCI (BRNASI)<\/h2>\n\n\n\n<p>Diese im 13. Jahrhundert erbaute und 1623 umgebaute Kirche ist ein reiches historisches Erbe, in dem die mit Fresken aus der ersten H\u00e4lfte des 15. Jahrhunderts bemalten Innenw\u00e4nde noch heute erhalten sind. An der S\u00fcdwand befinden sich der Hl. Martin, der einen Bettler beschenkt und die Szene der Steinigung des Hl. Stephan. An der Nordwand sind die Bilder verschiedener Heiliger und der Hl. George t\u00f6tet einen Drachen. Es war die erste Pfarrkirche und nach ihr wurde die Pfarrei <em>Sveta Nedjelja<\/em> (Heiliger Sonntag) genannt.<\/p>\n\n\n\n<figure class=\"wp-block-image size-large is-style-default\"><a href=\"https:\/\/kastelir-labinci.com\/wp-content\/uploads\/2021\/05\/Labinci_Crkvene_COLOR_044-1024x672.jpg\"><img loading=\"lazy\" decoding=\"async\" width=\"1024\" height=\"672\" src=\"https:\/\/kastelir-labinci.com\/wp-content\/uploads\/2021\/05\/Labinci_Crkvene_COLOR_044-1024x672.jpg\" alt=\"\" class=\"wp-image-4644\" srcset=\"https:\/\/kastelir-labinci.com\/wp-content\/uploads\/2021\/05\/Labinci_Crkvene_COLOR_044-1024x672.jpg 1024w, https:\/\/kastelir-labinci.com\/wp-content\/uploads\/2021\/05\/Labinci_Crkvene_COLOR_044-300x197.jpg 300w, https:\/\/kastelir-labinci.com\/wp-content\/uploads\/2021\/05\/Labinci_Crkvene_COLOR_044-768x504.jpg 768w, https:\/\/kastelir-labinci.com\/wp-content\/uploads\/2021\/05\/Labinci_Crkvene_COLOR_044-1536x1007.jpg 1536w, https:\/\/kastelir-labinci.com\/wp-content\/uploads\/2021\/05\/Labinci_Crkvene_COLOR_044.jpg 1775w\" sizes=\"(max-width: 1024px) 100vw, 1024px\" \/><\/a><\/figure>\n\n\n\n<p>Unweit von Labinci befand sich die mittelalterliche Abtei des Hl. Mihovil, benannt nach der Krypta unter der Kirche (<em>de sub terra<\/em>). Das Kloster des Hl. Mihovil funktionierte vom 9. Jahrhundert bis 1529, als es zur Pfarrei erkl\u00e4rt wurde. Seit 1829 geh\u00f6rt sie zur Pfarrei Labinci. Die heutige Pfarrkirche wurde 1736 erbaut und mehrfach erweitert und mit Inventar aus der Klosterkirche des Hl. Michael \u201eunter der Erde\u201c angereichert. Der Kirchturm wurde 1837 mit Baumaterialien aus dem zerst\u00f6rten Benediktinerkloster errichtet. Er ist 25 Meter hoch und hat zwei Glocken.<\/p>\n\n\n\n<p>Diese dreischiffige Kirche mit Reliquienschrein und Sakristei wurde 1989 renoviert. In der Kirche k\u00f6nnen Sie f\u00fcnf Marmoralt\u00e4re sehen &#8211; den Hauptaltar mit dem Reliquienschrein und Holzstatuen der Heiligen Jungfrau Maria, des Hl. Johannes des T\u00e4ufers und des Hl. Paulus des Einsiedlers, ein Altar mit Kruzifix aus dem 15. Jahrhundert, ein Altar mit dem Bild des Hl. Mihovil aus der Klosterkirche des Hl. Michael &#8222;unter der Erde&#8220; sowie ein steinerner Altar mit Reliquienschrein, ebenfalls aus der Kirche des Hl. Michael &#8222;unter der Erde&#8220; und ein Altar mit Ambon (ein erh\u00f6hter Ort, von dem aus das Wort Gottes gelesen und gepredigt wird). In der Kirche befindet sich auch ein Chor mit den Resten einer Orgel aus dem 17. Jahrhundert. Die Orgel wurde von Carlo de Beni (Carolus de Beni Veronensis) gebaut und ihre T\u00fcren wurden von einem unbekannten venezianischen Maler aus dem 16. Jahrhundert bemalt.<\/p>\n\n\n\n<h2 class=\"wp-block-heading\">PFARREI DER HL. KOSMAS UND DAMIAN &#8211; KA\u0160TELIR<\/h2>\n\n\n\n<p>Ka\u0161telir wird 1177 als Burg des Bischofs von Pore\u010d \u00fcber dem Tal von Mirna (Nigrignanum) erw\u00e4hnt. Die \u00dcberreste der Burg Nigrinjan befinden sich auf der Spitze des H\u00fcgels Gradina. Die Pfarrkirche der Hl. Kosmas und Damian in Ka\u0161telir wurde 1908 an der Stelle einer ehemaligen kleineren Kirche und eines Friedhofs als dreischiffiger Sakralbau mit Reliquienschrein und Sakristei errichtet. Der von der Kirche getrennte Glockenturm wurde 1869 erbaut, ist 30 Meter hoch und hat zwei Glocken. Die Pfarrkirche der Hl. Kosmas und Damian bekam 2008 ihr aktuelles Aussehen. In dieser Kirche k\u00f6nnen Sie drei Holzalt\u00e4re sehen &#8211; den Hauptaltar mit dem Reliquienschrein und den Holzstatuen der Hl. Kosmas und Damian, und hinter diesem Altar an der Wand befindet sich eine Leinwand mit einem gerahmten Bild der Jungfrau Maria (Kopie von Murillo); dann gibt es einen Altar mit einer Statue Unserer Lieben Frau von Lourdes und zwei Engeln und einen Altar mit Holzstatuen des Herzens Jesu und der Hl. Kyrill und Method.<\/p>\n\n\n\n<figure class=\"wp-block-gallery columns-3 is-cropped wp-block-gallery-1 is-layout-flex wp-block-gallery-is-layout-flex\"><ul class=\"blocks-gallery-grid\"><li class=\"blocks-gallery-item\"><figure><a href=\"https:\/\/kastelir-labinci.com\/wp-content\/uploads\/2021\/05\/Labinci_Crkvene_COLOR_047.jpg\"><img loading=\"lazy\" decoding=\"async\" width=\"480\" height=\"360\" src=\"https:\/\/kastelir-labinci.com\/wp-content\/uploads\/2021\/05\/Labinci_Crkvene_COLOR_047-480x360.jpg\" alt=\"\" data-id=\"4647\" data-full-url=\"https:\/\/kastelir-labinci.com\/wp-content\/uploads\/2021\/05\/Labinci_Crkvene_COLOR_047.jpg\" data-link=\"https:\/\/kastelir-labinci.com\/labinci_crkvene_color_047\/\" class=\"wp-image-6400\" srcset=\"https:\/\/kastelir-labinci.com\/wp-content\/uploads\/2021\/05\/Labinci_Crkvene_COLOR_047-480x360.jpg 480w, https:\/\/kastelir-labinci.com\/wp-content\/uploads\/2021\/05\/Labinci_Crkvene_COLOR_047-640x480.jpg 640w\" sizes=\"(max-width: 480px) 100vw, 480px\" \/><\/a><\/figure><\/li><li class=\"blocks-gallery-item\"><figure><a href=\"https:\/\/kastelir-labinci.com\/wp-content\/uploads\/2021\/05\/Labinci_Civilne_CRNO-BIJELO_014.jpg\"><img loading=\"lazy\" decoding=\"async\" width=\"480\" height=\"360\" src=\"https:\/\/kastelir-labinci.com\/wp-content\/uploads\/2021\/05\/Labinci_Civilne_CRNO-BIJELO_014-480x360.jpg\" alt=\"\" data-id=\"4631\" data-full-url=\"https:\/\/kastelir-labinci.com\/wp-content\/uploads\/2021\/05\/Labinci_Civilne_CRNO-BIJELO_014.jpg\" data-link=\"https:\/\/kastelir-labinci.com\/labinci_civilne_crno-bijelo_014\/\" class=\"wp-image-4631\" srcset=\"https:\/\/kastelir-labinci.com\/wp-content\/uploads\/2021\/05\/Labinci_Civilne_CRNO-BIJELO_014-480x360.jpg 480w, https:\/\/kastelir-labinci.com\/wp-content\/uploads\/2021\/05\/Labinci_Civilne_CRNO-BIJELO_014-640x480.jpg 640w\" sizes=\"(max-width: 480px) 100vw, 480px\" \/><\/a><\/figure><\/li><li class=\"blocks-gallery-item\"><figure><a href=\"https:\/\/kastelir-labinci.com\/wp-content\/uploads\/2021\/05\/Labinci_Crkvene_COLOR_021.jpg\"><img loading=\"lazy\" decoding=\"async\" width=\"480\" height=\"360\" src=\"https:\/\/kastelir-labinci.com\/wp-content\/uploads\/2021\/05\/Labinci_Crkvene_COLOR_021-480x360.jpg\" alt=\"\" data-id=\"4641\" data-full-url=\"https:\/\/kastelir-labinci.com\/wp-content\/uploads\/2021\/05\/Labinci_Crkvene_COLOR_021.jpg\" data-link=\"https:\/\/kastelir-labinci.com\/labinci_crkvene_color_021\/\" class=\"wp-image-4641\" srcset=\"https:\/\/kastelir-labinci.com\/wp-content\/uploads\/2021\/05\/Labinci_Crkvene_COLOR_021-480x360.jpg 480w, https:\/\/kastelir-labinci.com\/wp-content\/uploads\/2021\/05\/Labinci_Crkvene_COLOR_021-640x480.jpg 640w\" sizes=\"(max-width: 480px) 100vw, 480px\" \/><\/a><\/figure><\/li><li class=\"blocks-gallery-item\"><figure><a href=\"https:\/\/kastelir-labinci.com\/wp-content\/uploads\/2021\/05\/Labinci_Civilne_CRNO-BIJELO_011.jpg\"><img loading=\"lazy\" decoding=\"async\" width=\"480\" height=\"360\" src=\"https:\/\/kastelir-labinci.com\/wp-content\/uploads\/2021\/05\/Labinci_Civilne_CRNO-BIJELO_011-480x360.jpg\" alt=\"\" data-id=\"4625\" data-full-url=\"https:\/\/kastelir-labinci.com\/wp-content\/uploads\/2021\/05\/Labinci_Civilne_CRNO-BIJELO_011.jpg\" data-link=\"https:\/\/kastelir-labinci.com\/labinci_civilne_crno-bijelo_011\/\" class=\"wp-image-4625\" srcset=\"https:\/\/kastelir-labinci.com\/wp-content\/uploads\/2021\/05\/Labinci_Civilne_CRNO-BIJELO_011-480x360.jpg 480w, https:\/\/kastelir-labinci.com\/wp-content\/uploads\/2021\/05\/Labinci_Civilne_CRNO-BIJELO_011-640x480.jpg 640w\" sizes=\"(max-width: 480px) 100vw, 480px\" \/><\/a><\/figure><\/li><li class=\"blocks-gallery-item\"><figure><a href=\"https:\/\/kastelir-labinci.com\/wp-content\/uploads\/2021\/05\/120.jpg\"><img loading=\"lazy\" decoding=\"async\" width=\"480\" height=\"360\" src=\"https:\/\/kastelir-labinci.com\/wp-content\/uploads\/2021\/05\/120-480x360.jpg\" alt=\"\" data-id=\"4613\" data-full-url=\"https:\/\/kastelir-labinci.com\/wp-content\/uploads\/2021\/05\/120.jpg\" data-link=\"https:\/\/kastelir-labinci.com\/120\/\" class=\"wp-image-4613\" srcset=\"https:\/\/kastelir-labinci.com\/wp-content\/uploads\/2021\/05\/120-480x360.jpg 480w, https:\/\/kastelir-labinci.com\/wp-content\/uploads\/2021\/05\/120-640x480.jpg 640w\" sizes=\"(max-width: 480px) 100vw, 480px\" \/><\/a><\/figure><\/li><li class=\"blocks-gallery-item\"><figure><a href=\"https:\/\/kastelir-labinci.com\/wp-content\/uploads\/2021\/05\/Labinci_Civilne_CRNO-BIJELO_007.jpg\"><img loading=\"lazy\" decoding=\"async\" width=\"480\" height=\"360\" src=\"https:\/\/kastelir-labinci.com\/wp-content\/uploads\/2021\/05\/Labinci_Civilne_CRNO-BIJELO_007-480x360.jpg\" alt=\"\" data-id=\"4621\" data-full-url=\"https:\/\/kastelir-labinci.com\/wp-content\/uploads\/2021\/05\/Labinci_Civilne_CRNO-BIJELO_007.jpg\" data-link=\"https:\/\/kastelir-labinci.com\/labinci_civilne_crno-bijelo_007\/\" class=\"wp-image-4621\"\/><\/a><\/figure><\/li><li class=\"blocks-gallery-item\"><figure><a href=\"https:\/\/kastelir-labinci.com\/wp-content\/uploads\/2021\/05\/Labinci_Civilne_CRNO-BIJELO_008.jpg\"><img loading=\"lazy\" decoding=\"async\" width=\"480\" height=\"360\" src=\"https:\/\/kastelir-labinci.com\/wp-content\/uploads\/2021\/05\/Labinci_Civilne_CRNO-BIJELO_008-480x360.jpg\" alt=\"\" data-id=\"4623\" data-full-url=\"https:\/\/kastelir-labinci.com\/wp-content\/uploads\/2021\/05\/Labinci_Civilne_CRNO-BIJELO_008.jpg\" data-link=\"https:\/\/kastelir-labinci.com\/labinci_civilne_crno-bijelo_008\/\" class=\"wp-image-4623\" srcset=\"https:\/\/kastelir-labinci.com\/wp-content\/uploads\/2021\/05\/Labinci_Civilne_CRNO-BIJELO_008-480x360.jpg 480w, https:\/\/kastelir-labinci.com\/wp-content\/uploads\/2021\/05\/Labinci_Civilne_CRNO-BIJELO_008-640x480.jpg 640w\" sizes=\"(max-width: 480px) 100vw, 480px\" \/><\/a><\/figure><\/li><li class=\"blocks-gallery-item\"><figure><a href=\"https:\/\/kastelir-labinci.com\/wp-content\/uploads\/2021\/05\/Labinci_Civilne_CRNO-BIJELO_005.jpg\"><img loading=\"lazy\" decoding=\"async\" width=\"480\" height=\"360\" src=\"https:\/\/kastelir-labinci.com\/wp-content\/uploads\/2021\/05\/Labinci_Civilne_CRNO-BIJELO_005-480x360.jpg\" alt=\"\" data-id=\"4619\" data-full-url=\"https:\/\/kastelir-labinci.com\/wp-content\/uploads\/2021\/05\/Labinci_Civilne_CRNO-BIJELO_005.jpg\" data-link=\"https:\/\/kastelir-labinci.com\/labinci_civilne_crno-bijelo_005\/\" class=\"wp-image-4619\" srcset=\"https:\/\/kastelir-labinci.com\/wp-content\/uploads\/2021\/05\/Labinci_Civilne_CRNO-BIJELO_005-480x360.jpg 480w, https:\/\/kastelir-labinci.com\/wp-content\/uploads\/2021\/05\/Labinci_Civilne_CRNO-BIJELO_005-640x480.jpg 640w\" sizes=\"(max-width: 480px) 100vw, 480px\" \/><\/a><\/figure><\/li><li class=\"blocks-gallery-item\"><figure><a href=\"https:\/\/kastelir-labinci.com\/wp-content\/uploads\/2021\/05\/Labinci_Civilne_CRNO-BIJELO_003.jpg\"><img loading=\"lazy\" decoding=\"async\" width=\"480\" height=\"360\" src=\"https:\/\/kastelir-labinci.com\/wp-content\/uploads\/2021\/05\/Labinci_Civilne_CRNO-BIJELO_003-480x360.jpg\" alt=\"\" data-id=\"4615\" data-full-url=\"https:\/\/kastelir-labinci.com\/wp-content\/uploads\/2021\/05\/Labinci_Civilne_CRNO-BIJELO_003.jpg\" data-link=\"https:\/\/kastelir-labinci.com\/labinci_civilne_crno-bijelo_003\/\" class=\"wp-image-4615\" srcset=\"https:\/\/kastelir-labinci.com\/wp-content\/uploads\/2021\/05\/Labinci_Civilne_CRNO-BIJELO_003-480x360.jpg 480w, https:\/\/kastelir-labinci.com\/wp-content\/uploads\/2021\/05\/Labinci_Civilne_CRNO-BIJELO_003-640x480.jpg 640w\" sizes=\"(max-width: 480px) 100vw, 480px\" \/><\/a><\/figure><\/li><\/ul><\/figure>\n\n\n\n<h2 class=\"wp-block-heading\">ETHNOMUSEUM<\/h2>\n\n\n\n<p>Unsere Tradition pflegen wir durch sorgf\u00e4ltig erhaltene Exponate im Ethnomuseum und laden Sie ein, in vergangene Zeiten einzutauchen und einen Eindruck aus erster Hand zu bekommen, wie die flei\u00dfigen Menschen dieser Gegend einst lebten. Es ist eine Kollektion mit Seele, die mit Enthusiasmus und viel Liebe kreiert wurde. Ihr Gr\u00fcnder ist Vittorio Rossoni, der 1942 in Ka\u0161telir geboren ist. Als dreizehnj\u00e4hriger Junge ging er mit seiner Mutter nach Triest, wo er aufwuchs, einen Job bekam und eine Familie gr\u00fcndete. Doch immer zog ihn die Liebe zu seinem Heimatort zur\u00fcck, in den er mit vielen Emotionen zur\u00fcckkehrte. Als er sich dazu aufmachte, das Haus der Familie zu renovieren, fand er mehrere alte Gegenst\u00e4nde, die eigentlich der Anfang seiner Sammlung waren. Die Liebe zu Antiquit\u00e4ten wurde immer st\u00e4rker, und so versuchte Vittorio immer wieder neue Gegenst\u00e4nde f\u00fcr seine Sammlung zu finden, die in der Natur oder von lokalen Haushalten entsorgt wurden. So f\u00fcllte sich seine Taverne \u00fcber zwei Jahrzehnte mit zahlreichen Exponaten, die historische Geschichten \u00fcber Schmiede, Tischler, Steinmetze, Schuhmacher, B\u00f6ttcher usw. erz\u00e4hlen, all den flei\u00dfigen Menschen unserer Region, auf deren Erbe wir das heutige Leben aufgebaut haben. Neben Gegenst\u00e4nden hat Rossoni noch einen Reichtum anderer Art aufbewahrt \u2013 Informationen \u00fcber ihre antiken Namen, Herstellungs- und Verwendungsweisen, Wissen, das ausrangierte Dinge zu einer Schatzkammer der Erinnerungen macht. Im Laufe der Zeit schenkte Vittorio Rossoni die gesammelten Gegenst\u00e4nde seiner Heimatstadt und die Sammlung wurde professionell aufbereitet und valorisiert.<\/p>\n\n\n\n<p><\/p>\n\n\n\n<figure class=\"wp-block-gallery columns-4 is-cropped wp-block-gallery-2 is-layout-flex wp-block-gallery-is-layout-flex\"><ul class=\"blocks-gallery-grid\"><li class=\"blocks-gallery-item\"><figure><a href=\"https:\/\/kastelir-labinci.com\/wp-content\/uploads\/2020\/08\/20190820_122050.jpg\"><img loading=\"lazy\" decoding=\"async\" width=\"480\" height=\"360\" src=\"https:\/\/kastelir-labinci.com\/wp-content\/uploads\/2020\/08\/20190820_122050-480x360.jpg\" alt=\"\" data-id=\"2927\" data-full-url=\"https:\/\/kastelir-labinci.com\/wp-content\/uploads\/2020\/08\/20190820_122050.jpg\" data-link=\"https:\/\/kastelir-labinci.com\/2020\/08\/13\/etno-muzej\/20190820_122050-2\/\" class=\"wp-image-2927\" srcset=\"https:\/\/kastelir-labinci.com\/wp-content\/uploads\/2020\/08\/20190820_122050-480x360.jpg 480w, https:\/\/kastelir-labinci.com\/wp-content\/uploads\/2020\/08\/20190820_122050-640x480.jpg 640w\" sizes=\"(max-width: 480px) 100vw, 480px\" \/><\/a><\/figure><\/li><li class=\"blocks-gallery-item\"><figure><a href=\"https:\/\/kastelir-labinci.com\/wp-content\/uploads\/2020\/08\/20190820_113453.jpg\"><img loading=\"lazy\" decoding=\"async\" width=\"480\" height=\"360\" src=\"https:\/\/kastelir-labinci.com\/wp-content\/uploads\/2020\/08\/20190820_113453-480x360.jpg\" alt=\"\" data-id=\"4415\" data-full-url=\"https:\/\/kastelir-labinci.com\/wp-content\/uploads\/2020\/08\/20190820_113453.jpg\" data-link=\"https:\/\/kastelir-labinci.com\/2020\/08\/13\/etno-muzej\/20190820_113453\/\" class=\"wp-image-4415\" srcset=\"https:\/\/kastelir-labinci.com\/wp-content\/uploads\/2020\/08\/20190820_113453-480x360.jpg 480w, https:\/\/kastelir-labinci.com\/wp-content\/uploads\/2020\/08\/20190820_113453-300x225.jpg 300w, https:\/\/kastelir-labinci.com\/wp-content\/uploads\/2020\/08\/20190820_113453-1024x768.jpg 1024w, https:\/\/kastelir-labinci.com\/wp-content\/uploads\/2020\/08\/20190820_113453-768x576.jpg 768w, https:\/\/kastelir-labinci.com\/wp-content\/uploads\/2020\/08\/20190820_113453-640x480.jpg 640w, https:\/\/kastelir-labinci.com\/wp-content\/uploads\/2020\/08\/20190820_113453-1536x1152.jpg 1536w, https:\/\/kastelir-labinci.com\/wp-content\/uploads\/2020\/08\/20190820_113453.jpg 1920w\" sizes=\"(max-width: 480px) 100vw, 480px\" \/><\/a><\/figure><\/li><li class=\"blocks-gallery-item\"><figure><a href=\"https:\/\/kastelir-labinci.com\/wp-content\/uploads\/2020\/08\/20190820_122058.jpg\"><img loading=\"lazy\" decoding=\"async\" width=\"480\" height=\"360\" src=\"https:\/\/kastelir-labinci.com\/wp-content\/uploads\/2020\/08\/20190820_122058-480x360.jpg\" alt=\"\" data-id=\"4414\" data-full-url=\"https:\/\/kastelir-labinci.com\/wp-content\/uploads\/2020\/08\/20190820_122058.jpg\" data-link=\"https:\/\/kastelir-labinci.com\/2020\/08\/13\/etno-muzej\/20190820_122058\/\" class=\"wp-image-4414\" srcset=\"https:\/\/kastelir-labinci.com\/wp-content\/uploads\/2020\/08\/20190820_122058-480x360.jpg 480w, https:\/\/kastelir-labinci.com\/wp-content\/uploads\/2020\/08\/20190820_122058-640x480.jpg 640w\" sizes=\"(max-width: 480px) 100vw, 480px\" \/><\/a><\/figure><\/li><li class=\"blocks-gallery-item\"><figure><a href=\"https:\/\/kastelir-labinci.com\/wp-content\/uploads\/2020\/08\/20190820_122112.jpg\"><img loading=\"lazy\" decoding=\"async\" width=\"480\" height=\"360\" src=\"https:\/\/kastelir-labinci.com\/wp-content\/uploads\/2020\/08\/20190820_122112-480x360.jpg\" alt=\"\" data-id=\"4413\" data-full-url=\"https:\/\/kastelir-labinci.com\/wp-content\/uploads\/2020\/08\/20190820_122112.jpg\" data-link=\"https:\/\/kastelir-labinci.com\/2020\/08\/13\/etno-muzej\/20190820_122112\/\" class=\"wp-image-4413\" srcset=\"https:\/\/kastelir-labinci.com\/wp-content\/uploads\/2020\/08\/20190820_122112-480x360.jpg 480w, https:\/\/kastelir-labinci.com\/wp-content\/uploads\/2020\/08\/20190820_122112-300x225.jpg 300w, https:\/\/kastelir-labinci.com\/wp-content\/uploads\/2020\/08\/20190820_122112-1024x768.jpg 1024w, https:\/\/kastelir-labinci.com\/wp-content\/uploads\/2020\/08\/20190820_122112-768x576.jpg 768w, https:\/\/kastelir-labinci.com\/wp-content\/uploads\/2020\/08\/20190820_122112-640x480.jpg 640w, https:\/\/kastelir-labinci.com\/wp-content\/uploads\/2020\/08\/20190820_122112-1536x1152.jpg 1536w, https:\/\/kastelir-labinci.com\/wp-content\/uploads\/2020\/08\/20190820_122112.jpg 1920w\" sizes=\"(max-width: 480px) 100vw, 480px\" \/><\/a><\/figure><\/li><li class=\"blocks-gallery-item\"><figure><a href=\"https:\/\/kastelir-labinci.com\/wp-content\/uploads\/2020\/08\/20190820_122158.jpg\"><img loading=\"lazy\" decoding=\"async\" width=\"480\" height=\"360\" src=\"https:\/\/kastelir-labinci.com\/wp-content\/uploads\/2020\/08\/20190820_122158-480x360.jpg\" alt=\"\" data-id=\"4412\" data-full-url=\"https:\/\/kastelir-labinci.com\/wp-content\/uploads\/2020\/08\/20190820_122158.jpg\" data-link=\"https:\/\/kastelir-labinci.com\/2020\/08\/13\/etno-muzej\/20190820_122158\/\" class=\"wp-image-4412\" srcset=\"https:\/\/kastelir-labinci.com\/wp-content\/uploads\/2020\/08\/20190820_122158-480x360.jpg 480w, https:\/\/kastelir-labinci.com\/wp-content\/uploads\/2020\/08\/20190820_122158-640x480.jpg 640w\" sizes=\"(max-width: 480px) 100vw, 480px\" \/><\/a><\/figure><\/li><li class=\"blocks-gallery-item\"><figure><a href=\"https:\/\/kastelir-labinci.com\/wp-content\/uploads\/2020\/08\/20190820_113444.jpg\"><img loading=\"lazy\" decoding=\"async\" width=\"480\" height=\"360\" src=\"https:\/\/kastelir-labinci.com\/wp-content\/uploads\/2020\/08\/20190820_113444-480x360.jpg\" alt=\"\" data-id=\"2926\" data-full-url=\"https:\/\/kastelir-labinci.com\/wp-content\/uploads\/2020\/08\/20190820_113444.jpg\" data-link=\"https:\/\/kastelir-labinci.com\/2020\/08\/13\/etno-muzej\/20190820_113444-2\/\" class=\"wp-image-2926\" srcset=\"https:\/\/kastelir-labinci.com\/wp-content\/uploads\/2020\/08\/20190820_113444-480x360.jpg 480w, https:\/\/kastelir-labinci.com\/wp-content\/uploads\/2020\/08\/20190820_113444-300x225.jpg 300w, https:\/\/kastelir-labinci.com\/wp-content\/uploads\/2020\/08\/20190820_113444-1024x768.jpg 1024w, https:\/\/kastelir-labinci.com\/wp-content\/uploads\/2020\/08\/20190820_113444-768x576.jpg 768w, https:\/\/kastelir-labinci.com\/wp-content\/uploads\/2020\/08\/20190820_113444-640x480.jpg 640w, https:\/\/kastelir-labinci.com\/wp-content\/uploads\/2020\/08\/20190820_113444-1536x1152.jpg 1536w, https:\/\/kastelir-labinci.com\/wp-content\/uploads\/2020\/08\/20190820_113444.jpg 1920w\" sizes=\"(max-width: 480px) 100vw, 480px\" \/><\/a><\/figure><\/li><\/ul><\/figure>\n\n\n\n<p><\/p>\n","protected":false},"excerpt":{"rendered":"<p>Wir sind stolz auf seine reiche Geschichte und Geb\u00e4ude, die noch heute lebendig sind, und es geh\u00f6ren sicherlich zwei alte Kirchen dazu, die Sie besichtigen und die au\u00dfergew\u00f6hnlichen Motive der [&hellip;]<\/p>\n","protected":false},"author":1,"featured_media":6400,"comment_status":"closed","ping_status":"closed","sticky":false,"template":"","format":"standard","meta":{"_citadela_custom_class":"","footnotes":""},"categories":[229],"tags":[],"citadela-post-location":[],"class_list":["post-6399","post","type-post","status-publish","format-standard","has-post-thumbnail","hentry","category-about-us-de"],"yoast_head":"<!-- This site is optimized with the Yoast SEO plugin v25.2 - https:\/\/yoast.com\/wordpress\/plugins\/seo\/ -->\n<title>Ein Spaziergang durch die Geschichte - Together in<\/title>\n<meta name=\"description\" content=\"Together in Ka\u0161telir Labinci\" \/>\n<meta name=\"robots\" content=\"index, follow, max-snippet:-1, max-image-preview:large, max-video-preview:-1\" \/>\n<link rel=\"canonical\" href=\"https:\/\/kastelir-labinci.com\/de\/2021\/05\/25\/ein-spaziergang-durch-die-geschichte\/\" \/>\n<meta property=\"og:locale\" content=\"de_DE\" \/>\n<meta property=\"og:type\" content=\"article\" \/>\n<meta property=\"og:title\" content=\"Ein Spaziergang durch die Geschichte - Together in\" \/>\n<meta property=\"og:description\" content=\"Together in Ka\u0161telir Labinci\" \/>\n<meta property=\"og:url\" content=\"https:\/\/kastelir-labinci.com\/de\/2021\/05\/25\/ein-spaziergang-durch-die-geschichte\/\" \/>\n<meta property=\"og:site_name\" content=\"Together in\" \/>\n<meta property=\"article:published_time\" content=\"2021-05-25T11:34:16+00:00\" \/>\n<meta property=\"article:modified_time\" content=\"2021-08-03T12:56:20+00:00\" \/>\n<meta property=\"og:image\" content=\"https:\/\/kastelir-labinci.com\/wp-content\/uploads\/2021\/05\/Labinci_Crkvene_COLOR_047-1024x757.jpg\" \/>\n\t<meta property=\"og:image:width\" content=\"1024\" \/>\n\t<meta property=\"og:image:height\" content=\"757\" \/>\n\t<meta property=\"og:image:type\" content=\"image\/jpeg\" \/>\n<meta name=\"author\" content=\"TZ Ka\u0161telir-Labinci\" \/>\n<meta name=\"twitter:card\" content=\"summary_large_image\" \/>\n<meta name=\"twitter:label1\" content=\"Verfasst von\" \/>\n\t<meta name=\"twitter:data1\" content=\"TZ Ka\u0161telir-Labinci\" \/>\n\t<meta name=\"twitter:label2\" content=\"Gesch\u00e4tzte Lesezeit\" \/>\n\t<meta name=\"twitter:data2\" content=\"7\u00a0Minuten\" \/>\n<script type=\"application\/ld+json\" class=\"yoast-schema-graph\">{\"@context\":\"https:\/\/schema.org\",\"@graph\":[{\"@type\":\"Article\",\"@id\":\"https:\/\/kastelir-labinci.com\/de\/2021\/05\/25\/ein-spaziergang-durch-die-geschichte\/#article\",\"isPartOf\":{\"@id\":\"https:\/\/kastelir-labinci.com\/de\/2021\/05\/25\/ein-spaziergang-durch-die-geschichte\/\"},\"author\":{\"name\":\"TZ Ka\u0161telir-Labinci\",\"@id\":\"https:\/\/kastelir-labinci.com\/de\/#\/schema\/person\/e7fb7a2fc2e8cc94068a24dd7788bf04\"},\"headline\":\"Ein Spaziergang durch die Geschichte\",\"datePublished\":\"2021-05-25T11:34:16+00:00\",\"dateModified\":\"2021-08-03T12:56:20+00:00\",\"mainEntityOfPage\":{\"@id\":\"https:\/\/kastelir-labinci.com\/de\/2021\/05\/25\/ein-spaziergang-durch-die-geschichte\/\"},\"wordCount\":789,\"publisher\":{\"@id\":\"https:\/\/kastelir-labinci.com\/de\/#organization\"},\"image\":{\"@id\":\"https:\/\/kastelir-labinci.com\/de\/2021\/05\/25\/ein-spaziergang-durch-die-geschichte\/#primaryimage\"},\"thumbnailUrl\":\"https:\/\/kastelir-labinci.com\/wp-content\/uploads\/2021\/05\/Labinci_Crkvene_COLOR_047.jpg\",\"articleSection\":[\"About us\"],\"inLanguage\":\"de\"},{\"@type\":\"WebPage\",\"@id\":\"https:\/\/kastelir-labinci.com\/de\/2021\/05\/25\/ein-spaziergang-durch-die-geschichte\/\",\"url\":\"https:\/\/kastelir-labinci.com\/de\/2021\/05\/25\/ein-spaziergang-durch-die-geschichte\/\",\"name\":\"Ein Spaziergang durch die Geschichte - Together in\",\"isPartOf\":{\"@id\":\"https:\/\/kastelir-labinci.com\/de\/#website\"},\"primaryImageOfPage\":{\"@id\":\"https:\/\/kastelir-labinci.com\/de\/2021\/05\/25\/ein-spaziergang-durch-die-geschichte\/#primaryimage\"},\"image\":{\"@id\":\"https:\/\/kastelir-labinci.com\/de\/2021\/05\/25\/ein-spaziergang-durch-die-geschichte\/#primaryimage\"},\"thumbnailUrl\":\"https:\/\/kastelir-labinci.com\/wp-content\/uploads\/2021\/05\/Labinci_Crkvene_COLOR_047.jpg\",\"datePublished\":\"2021-05-25T11:34:16+00:00\",\"dateModified\":\"2021-08-03T12:56:20+00:00\",\"description\":\"Together in Ka\u0161telir Labinci\",\"breadcrumb\":{\"@id\":\"https:\/\/kastelir-labinci.com\/de\/2021\/05\/25\/ein-spaziergang-durch-die-geschichte\/#breadcrumb\"},\"inLanguage\":\"de\",\"potentialAction\":[{\"@type\":\"ReadAction\",\"target\":[\"https:\/\/kastelir-labinci.com\/de\/2021\/05\/25\/ein-spaziergang-durch-die-geschichte\/\"]}]},{\"@type\":\"ImageObject\",\"inLanguage\":\"de\",\"@id\":\"https:\/\/kastelir-labinci.com\/de\/2021\/05\/25\/ein-spaziergang-durch-die-geschichte\/#primaryimage\",\"url\":\"https:\/\/kastelir-labinci.com\/wp-content\/uploads\/2021\/05\/Labinci_Crkvene_COLOR_047.jpg\",\"contentUrl\":\"https:\/\/kastelir-labinci.com\/wp-content\/uploads\/2021\/05\/Labinci_Crkvene_COLOR_047.jpg\",\"width\":1680,\"height\":1242},{\"@type\":\"BreadcrumbList\",\"@id\":\"https:\/\/kastelir-labinci.com\/de\/2021\/05\/25\/ein-spaziergang-durch-die-geschichte\/#breadcrumb\",\"itemListElement\":[{\"@type\":\"ListItem\",\"position\":1,\"name\":\"Home\",\"item\":\"https:\/\/kastelir-labinci.com\/de\/\"},{\"@type\":\"ListItem\",\"position\":2,\"name\":\"Ein Spaziergang durch die Geschichte\"}]},{\"@type\":\"WebSite\",\"@id\":\"https:\/\/kastelir-labinci.com\/de\/#website\",\"url\":\"https:\/\/kastelir-labinci.com\/de\/\",\"name\":\"Together in\",\"description\":\"- Ka\u0161telir-Labinci\",\"publisher\":{\"@id\":\"https:\/\/kastelir-labinci.com\/de\/#organization\"},\"potentialAction\":[{\"@type\":\"SearchAction\",\"target\":{\"@type\":\"EntryPoint\",\"urlTemplate\":\"https:\/\/kastelir-labinci.com\/de\/?s={search_term_string}\"},\"query-input\":{\"@type\":\"PropertyValueSpecification\",\"valueRequired\":true,\"valueName\":\"search_term_string\"}}],\"inLanguage\":\"de\"},{\"@type\":\"Organization\",\"@id\":\"https:\/\/kastelir-labinci.com\/de\/#organization\",\"name\":\"TOGETHER IN Ka\u0161telir - Labinci, turisti\u010dka zajednica\",\"url\":\"https:\/\/kastelir-labinci.com\/de\/\",\"logo\":{\"@type\":\"ImageObject\",\"inLanguage\":\"de\",\"@id\":\"https:\/\/kastelir-labinci.com\/de\/#\/schema\/logo\/image\/\",\"url\":\"https:\/\/kastelir-labinci.com\/wp-content\/uploads\/2020\/08\/logotip-3.png\",\"contentUrl\":\"https:\/\/kastelir-labinci.com\/wp-content\/uploads\/2020\/08\/logotip-3.png\",\"width\":512,\"height\":326,\"caption\":\"TOGETHER IN Ka\u0161telir - Labinci, turisti\u010dka zajednica\"},\"image\":{\"@id\":\"https:\/\/kastelir-labinci.com\/de\/#\/schema\/logo\/image\/\"}},{\"@type\":\"Person\",\"@id\":\"https:\/\/kastelir-labinci.com\/de\/#\/schema\/person\/e7fb7a2fc2e8cc94068a24dd7788bf04\",\"name\":\"TZ Ka\u0161telir-Labinci\",\"image\":{\"@type\":\"ImageObject\",\"inLanguage\":\"de\",\"@id\":\"https:\/\/kastelir-labinci.com\/de\/#\/schema\/person\/image\/\",\"url\":\"https:\/\/secure.gravatar.com\/avatar\/54b09608efc4cdcfc35cbbd080b2cff1?s=96&d=mm&r=g\",\"contentUrl\":\"https:\/\/secure.gravatar.com\/avatar\/54b09608efc4cdcfc35cbbd080b2cff1?s=96&d=mm&r=g\",\"caption\":\"TZ Ka\u0161telir-Labinci\"},\"sameAs\":[\"http:\/\/kastelir-labinci.com\"]}]}<\/script>\n<!-- \/ Yoast SEO plugin. -->","yoast_head_json":{"title":"Ein Spaziergang durch die Geschichte - Together in","description":"Together in Ka\u0161telir Labinci","robots":{"index":"index","follow":"follow","max-snippet":"max-snippet:-1","max-image-preview":"max-image-preview:large","max-video-preview":"max-video-preview:-1"},"canonical":"https:\/\/kastelir-labinci.com\/de\/2021\/05\/25\/ein-spaziergang-durch-die-geschichte\/","og_locale":"de_DE","og_type":"article","og_title":"Ein Spaziergang durch die Geschichte - Together in","og_description":"Together in Ka\u0161telir Labinci","og_url":"https:\/\/kastelir-labinci.com\/de\/2021\/05\/25\/ein-spaziergang-durch-die-geschichte\/","og_site_name":"Together in","article_published_time":"2021-05-25T11:34:16+00:00","article_modified_time":"2021-08-03T12:56:20+00:00","og_image":[{"width":1024,"height":757,"url":"https:\/\/kastelir-labinci.com\/wp-content\/uploads\/2021\/05\/Labinci_Crkvene_COLOR_047-1024x757.jpg","type":"image\/jpeg"}],"author":"TZ Ka\u0161telir-Labinci","twitter_card":"summary_large_image","twitter_misc":{"Verfasst von":"TZ Ka\u0161telir-Labinci","Gesch\u00e4tzte Lesezeit":"7\u00a0Minuten"},"schema":{"@context":"https:\/\/schema.org","@graph":[{"@type":"Article","@id":"https:\/\/kastelir-labinci.com\/de\/2021\/05\/25\/ein-spaziergang-durch-die-geschichte\/#article","isPartOf":{"@id":"https:\/\/kastelir-labinci.com\/de\/2021\/05\/25\/ein-spaziergang-durch-die-geschichte\/"},"author":{"name":"TZ Ka\u0161telir-Labinci","@id":"https:\/\/kastelir-labinci.com\/de\/#\/schema\/person\/e7fb7a2fc2e8cc94068a24dd7788bf04"},"headline":"Ein Spaziergang durch die Geschichte","datePublished":"2021-05-25T11:34:16+00:00","dateModified":"2021-08-03T12:56:20+00:00","mainEntityOfPage":{"@id":"https:\/\/kastelir-labinci.com\/de\/2021\/05\/25\/ein-spaziergang-durch-die-geschichte\/"},"wordCount":789,"publisher":{"@id":"https:\/\/kastelir-labinci.com\/de\/#organization"},"image":{"@id":"https:\/\/kastelir-labinci.com\/de\/2021\/05\/25\/ein-spaziergang-durch-die-geschichte\/#primaryimage"},"thumbnailUrl":"https:\/\/kastelir-labinci.com\/wp-content\/uploads\/2021\/05\/Labinci_Crkvene_COLOR_047.jpg","articleSection":["About us"],"inLanguage":"de"},{"@type":"WebPage","@id":"https:\/\/kastelir-labinci.com\/de\/2021\/05\/25\/ein-spaziergang-durch-die-geschichte\/","url":"https:\/\/kastelir-labinci.com\/de\/2021\/05\/25\/ein-spaziergang-durch-die-geschichte\/","name":"Ein Spaziergang durch die Geschichte - Together in","isPartOf":{"@id":"https:\/\/kastelir-labinci.com\/de\/#website"},"primaryImageOfPage":{"@id":"https:\/\/kastelir-labinci.com\/de\/2021\/05\/25\/ein-spaziergang-durch-die-geschichte\/#primaryimage"},"image":{"@id":"https:\/\/kastelir-labinci.com\/de\/2021\/05\/25\/ein-spaziergang-durch-die-geschichte\/#primaryimage"},"thumbnailUrl":"https:\/\/kastelir-labinci.com\/wp-content\/uploads\/2021\/05\/Labinci_Crkvene_COLOR_047.jpg","datePublished":"2021-05-25T11:34:16+00:00","dateModified":"2021-08-03T12:56:20+00:00","description":"Together in Ka\u0161telir Labinci","breadcrumb":{"@id":"https:\/\/kastelir-labinci.com\/de\/2021\/05\/25\/ein-spaziergang-durch-die-geschichte\/#breadcrumb"},"inLanguage":"de","potentialAction":[{"@type":"ReadAction","target":["https:\/\/kastelir-labinci.com\/de\/2021\/05\/25\/ein-spaziergang-durch-die-geschichte\/"]}]},{"@type":"ImageObject","inLanguage":"de","@id":"https:\/\/kastelir-labinci.com\/de\/2021\/05\/25\/ein-spaziergang-durch-die-geschichte\/#primaryimage","url":"https:\/\/kastelir-labinci.com\/wp-content\/uploads\/2021\/05\/Labinci_Crkvene_COLOR_047.jpg","contentUrl":"https:\/\/kastelir-labinci.com\/wp-content\/uploads\/2021\/05\/Labinci_Crkvene_COLOR_047.jpg","width":1680,"height":1242},{"@type":"BreadcrumbList","@id":"https:\/\/kastelir-labinci.com\/de\/2021\/05\/25\/ein-spaziergang-durch-die-geschichte\/#breadcrumb","itemListElement":[{"@type":"ListItem","position":1,"name":"Home","item":"https:\/\/kastelir-labinci.com\/de\/"},{"@type":"ListItem","position":2,"name":"Ein Spaziergang durch die Geschichte"}]},{"@type":"WebSite","@id":"https:\/\/kastelir-labinci.com\/de\/#website","url":"https:\/\/kastelir-labinci.com\/de\/","name":"Together in","description":"- Ka\u0161telir-Labinci","publisher":{"@id":"https:\/\/kastelir-labinci.com\/de\/#organization"},"potentialAction":[{"@type":"SearchAction","target":{"@type":"EntryPoint","urlTemplate":"https:\/\/kastelir-labinci.com\/de\/?s={search_term_string}"},"query-input":{"@type":"PropertyValueSpecification","valueRequired":true,"valueName":"search_term_string"}}],"inLanguage":"de"},{"@type":"Organization","@id":"https:\/\/kastelir-labinci.com\/de\/#organization","name":"TOGETHER IN Ka\u0161telir - Labinci, turisti\u010dka zajednica","url":"https:\/\/kastelir-labinci.com\/de\/","logo":{"@type":"ImageObject","inLanguage":"de","@id":"https:\/\/kastelir-labinci.com\/de\/#\/schema\/logo\/image\/","url":"https:\/\/kastelir-labinci.com\/wp-content\/uploads\/2020\/08\/logotip-3.png","contentUrl":"https:\/\/kastelir-labinci.com\/wp-content\/uploads\/2020\/08\/logotip-3.png","width":512,"height":326,"caption":"TOGETHER IN Ka\u0161telir - Labinci, turisti\u010dka zajednica"},"image":{"@id":"https:\/\/kastelir-labinci.com\/de\/#\/schema\/logo\/image\/"}},{"@type":"Person","@id":"https:\/\/kastelir-labinci.com\/de\/#\/schema\/person\/e7fb7a2fc2e8cc94068a24dd7788bf04","name":"TZ Ka\u0161telir-Labinci","image":{"@type":"ImageObject","inLanguage":"de","@id":"https:\/\/kastelir-labinci.com\/de\/#\/schema\/person\/image\/","url":"https:\/\/secure.gravatar.com\/avatar\/54b09608efc4cdcfc35cbbd080b2cff1?s=96&d=mm&r=g","contentUrl":"https:\/\/secure.gravatar.com\/avatar\/54b09608efc4cdcfc35cbbd080b2cff1?s=96&d=mm&r=g","caption":"TZ Ka\u0161telir-Labinci"},"sameAs":["http:\/\/kastelir-labinci.com"]}]}},"_links":{"self":[{"href":"https:\/\/kastelir-labinci.com\/de\/wp-json\/wp\/v2\/posts\/6399"}],"collection":[{"href":"https:\/\/kastelir-labinci.com\/de\/wp-json\/wp\/v2\/posts"}],"about":[{"href":"https:\/\/kastelir-labinci.com\/de\/wp-json\/wp\/v2\/types\/post"}],"author":[{"embeddable":true,"href":"https:\/\/kastelir-labinci.com\/de\/wp-json\/wp\/v2\/users\/1"}],"replies":[{"embeddable":true,"href":"https:\/\/kastelir-labinci.com\/de\/wp-json\/wp\/v2\/comments?post=6399"}],"version-history":[{"count":2,"href":"https:\/\/kastelir-labinci.com\/de\/wp-json\/wp\/v2\/posts\/6399\/revisions"}],"predecessor-version":[{"id":6423,"href":"https:\/\/kastelir-labinci.com\/de\/wp-json\/wp\/v2\/posts\/6399\/revisions\/6423"}],"wp:featuredmedia":[{"embeddable":true,"href":"https:\/\/kastelir-labinci.com\/de\/wp-json\/wp\/v2\/media\/6400"}],"wp:attachment":[{"href":"https:\/\/kastelir-labinci.com\/de\/wp-json\/wp\/v2\/media?parent=6399"}],"wp:term":[{"taxonomy":"category","embeddable":true,"href":"https:\/\/kastelir-labinci.com\/de\/wp-json\/wp\/v2\/categories?post=6399"},{"taxonomy":"post_tag","embeddable":true,"href":"https:\/\/kastelir-labinci.com\/de\/wp-json\/wp\/v2\/tags?post=6399"},{"taxonomy":"citadela-post-location","embeddable":true,"href":"https:\/\/kastelir-labinci.com\/de\/wp-json\/wp\/v2\/citadela-post-location?post=6399"}],"curies":[{"name":"wp","href":"https:\/\/api.w.org\/{rel}","templated":true}]}}