{"id":7405,"date":"2021-05-25T11:34:16","date_gmt":"2021-05-25T11:34:16","guid":{"rendered":"https:\/\/kastelir-labinci.com\/2021\/05\/25\/a-walk-through-history\/"},"modified":"2021-08-08T16:29:48","modified_gmt":"2021-08-08T16:29:48","slug":"passeggiata-attraverso-la-storia","status":"publish","type":"post","link":"https:\/\/kastelir-labinci.com\/it\/2021\/05\/25\/passeggiata-attraverso-la-storia\/","title":{"rendered":"PASSEGGIATA ATTRAVERSO LA STORIA"},"content":{"rendered":"\n<p>Siamo orgogliosi della ricca storia e degli edifici che sono i testimoni del passato, tra cui sicuramente due antiche chiese, che puoi visitare e ammirare al loro interno i motivi straordinari dell&#8217;arte sacra.<\/p>\n\n\n\n<h2 class=\"wp-block-heading\">PARROCCHIA DI SAN GIOVANNI BATTISTA &#8211; LABINCI (BRNASI)<\/h2>\n\n\n\n<p>Costruita nel XIII secolo e ristrutturata nel 1623, questa chiesa \u00e8 un ricco patrimonio storico di cui si conservano ancora oggi le pareti interne decorate con affreschi della prima met\u00e0 del XV secolo. La parete sud presenta S. Martino che fa dono a un mendicante e la scena della lapidazione di S. Stefano. Sulla parete nord ci sono immagini di vari santi e di S. Giorgio che uccide un drago. Fu la prima chiesa parrocchiale e diede il nome alla parrocchia di Santa Domenica.<\/p>\n\n\n\n<figure class=\"wp-block-image size-large is-style-default\"><a href=\"https:\/\/kastelir-labinci.com\/wp-content\/uploads\/2021\/05\/Labinci_Crkvene_COLOR_044-1024x672.jpg\"><img loading=\"lazy\" decoding=\"async\" width=\"1024\" height=\"672\" src=\"https:\/\/kastelir-labinci.com\/wp-content\/uploads\/2021\/05\/Labinci_Crkvene_COLOR_044-1024x672.jpg\" alt=\"\" class=\"wp-image-4644\" srcset=\"https:\/\/kastelir-labinci.com\/wp-content\/uploads\/2021\/05\/Labinci_Crkvene_COLOR_044-1024x672.jpg 1024w, https:\/\/kastelir-labinci.com\/wp-content\/uploads\/2021\/05\/Labinci_Crkvene_COLOR_044-300x197.jpg 300w, https:\/\/kastelir-labinci.com\/wp-content\/uploads\/2021\/05\/Labinci_Crkvene_COLOR_044-768x504.jpg 768w, https:\/\/kastelir-labinci.com\/wp-content\/uploads\/2021\/05\/Labinci_Crkvene_COLOR_044-1536x1007.jpg 1536w, https:\/\/kastelir-labinci.com\/wp-content\/uploads\/2021\/05\/Labinci_Crkvene_COLOR_044.jpg 1775w\" sizes=\"(max-width: 1024px) 100vw, 1024px\" \/><\/a><\/figure>\n\n\n\n<p>Poco distante da Labinci si trovava un&#8217;abbazia medievale di S. Michele, che ha preso il nome dalla cripta sotto la chiesa (<em>de sub terra<\/em>). La badia di San Michele oper\u00f2 dal IX secolo fino al 1529, quando divent\u00f2 parrocchia. Dal 1829 fa parte della parrocchia di Labinci. L&#8217;odierna chiesa parrocchiale edificata nel 1736 \u00e8 stata pi\u00f9 volte ampliata e arricchita con l&#8217;inventario della parrocchia della chiesa della badia di San Michele Sottoterra. Il campanile della chiesa fu costruito nel 1837 utilizzando il materiale da costruzione della rovina del monastero benedettino. \u00c8 alto 25 metri e ha due campane. Questa chiesa a tre navate con un santuario e una sacrestia \u00e8 stata rinnovata nel 1989.<\/p>\n\n\n\n<p>Al suo interno ci sono cinque altari in marmo: l&#8217;altare maggiore con il santuario e le statue lignee della Beata Vergine Maria, S. Giovanni Battista e S. Paolo Eremita, l&#8217;altare quattrocentesco con crocifisso, l&#8217;altare con l&#8217;immagine di S. Michele dalla chiesa del monastero di San Michele Sottoterra, l&#8217;altare in pietra con un santuario, anche dalla stessa chiesa e un altare con pulpito (il punto sopraelevato per leggere e predicare la parola di Dio). C&#8217;\u00e8 anche un coro con i resti dell&#8217;organo del XVII secolo che fu portato qui da Bo\u017eje polje (Campo di Dio) nel 1838. L&#8217;organo \u00e8 stato realizzato da Carlo de Beni (Carolus de Beni Veronensis), e le sue porte sono state dipinte da uno sconosciuto pittore veneziano del XVI secolo.<\/p>\n\n\n\n<h2 class=\"wp-block-heading\">PARROCCHIA DEI SANTI COSMA E DAMIANO &#8211; KA\u0160TELIR<\/h2>\n\n\n\n<p>Ka\u0161telir \u00e8 menzionato nel 1177 come castello del vescovo di Parenzo sopra la valle del fiume Quieto (Nigrignanum). I resti del castelliere di Nigrignanum si trovano in cima alla collina di Gradine. La chiesa parrocchiale dei SS Cosma e Damiano a Ka\u0161telir \u00e8 stata costruita nel 1908 sul sito di una precedente chiesa pi\u00f9 piccola e di un cimitero, come edificio sacro a tre navate con santuario e sacrestia. Il campanile costruito nel 1869 separatamente dalla chiesa \u00e8 alto 30 metri e ha due campane. La chiesa parrocchiale dei SS Cosma e Damiano ha acquisito l\u2019aspetto attuale nel 2008. Presenta tre altari lignei &#8211; l&#8217;altare maggiore con il presbiterio e le statue lignee dei SS Cosma e Damiano, una tela con l&#8217;immagine incorniciata della Beata Vergine Maria (copia di Murilla) sulla parete retrostante; l&#8217;altare con una statua della Madonna di Lourdes e due angeli, e l&#8217;altare con le statue lignee del Cuore di Ges\u00f9 e dei Santi Cirillo e Metodio.<\/p>\n\n\n\n<figure class=\"wp-block-gallery columns-3 is-cropped wp-block-gallery-1 is-layout-flex wp-block-gallery-is-layout-flex\"><ul class=\"blocks-gallery-grid\"><li class=\"blocks-gallery-item\"><figure><a href=\"https:\/\/kastelir-labinci.com\/wp-content\/uploads\/2021\/05\/Labinci_Crkvene_COLOR_047.jpg\"><img loading=\"lazy\" decoding=\"async\" width=\"480\" height=\"360\" src=\"https:\/\/kastelir-labinci.com\/wp-content\/uploads\/2021\/05\/Labinci_Crkvene_COLOR_047-480x360.jpg\" alt=\"\" data-id=\"4647\" data-full-url=\"https:\/\/kastelir-labinci.com\/wp-content\/uploads\/2021\/05\/Labinci_Crkvene_COLOR_047.jpg\" data-link=\"https:\/\/kastelir-labinci.com\/labinci_crkvene_color_047\/\" class=\"wp-image-7406\" srcset=\"https:\/\/kastelir-labinci.com\/wp-content\/uploads\/2021\/05\/Labinci_Crkvene_COLOR_047-480x360.jpg 480w, https:\/\/kastelir-labinci.com\/wp-content\/uploads\/2021\/05\/Labinci_Crkvene_COLOR_047-640x480.jpg 640w\" sizes=\"(max-width: 480px) 100vw, 480px\" \/><\/a><\/figure><\/li><li class=\"blocks-gallery-item\"><figure><a href=\"https:\/\/kastelir-labinci.com\/wp-content\/uploads\/2021\/05\/Labinci_Civilne_CRNO-BIJELO_014.jpg\"><img loading=\"lazy\" decoding=\"async\" width=\"480\" height=\"360\" src=\"https:\/\/kastelir-labinci.com\/wp-content\/uploads\/2021\/05\/Labinci_Civilne_CRNO-BIJELO_014-480x360.jpg\" alt=\"\" data-id=\"4631\" data-full-url=\"https:\/\/kastelir-labinci.com\/wp-content\/uploads\/2021\/05\/Labinci_Civilne_CRNO-BIJELO_014.jpg\" data-link=\"https:\/\/kastelir-labinci.com\/labinci_civilne_crno-bijelo_014\/\" class=\"wp-image-4631\" srcset=\"https:\/\/kastelir-labinci.com\/wp-content\/uploads\/2021\/05\/Labinci_Civilne_CRNO-BIJELO_014-480x360.jpg 480w, https:\/\/kastelir-labinci.com\/wp-content\/uploads\/2021\/05\/Labinci_Civilne_CRNO-BIJELO_014-640x480.jpg 640w\" sizes=\"(max-width: 480px) 100vw, 480px\" \/><\/a><\/figure><\/li><li class=\"blocks-gallery-item\"><figure><a href=\"https:\/\/kastelir-labinci.com\/wp-content\/uploads\/2021\/05\/Labinci_Crkvene_COLOR_021.jpg\"><img loading=\"lazy\" decoding=\"async\" width=\"480\" height=\"360\" src=\"https:\/\/kastelir-labinci.com\/wp-content\/uploads\/2021\/05\/Labinci_Crkvene_COLOR_021-480x360.jpg\" alt=\"\" data-id=\"4641\" data-full-url=\"https:\/\/kastelir-labinci.com\/wp-content\/uploads\/2021\/05\/Labinci_Crkvene_COLOR_021.jpg\" data-link=\"https:\/\/kastelir-labinci.com\/labinci_crkvene_color_021\/\" class=\"wp-image-4641\" srcset=\"https:\/\/kastelir-labinci.com\/wp-content\/uploads\/2021\/05\/Labinci_Crkvene_COLOR_021-480x360.jpg 480w, https:\/\/kastelir-labinci.com\/wp-content\/uploads\/2021\/05\/Labinci_Crkvene_COLOR_021-640x480.jpg 640w\" sizes=\"(max-width: 480px) 100vw, 480px\" \/><\/a><\/figure><\/li><li class=\"blocks-gallery-item\"><figure><a href=\"https:\/\/kastelir-labinci.com\/wp-content\/uploads\/2021\/05\/Labinci_Civilne_CRNO-BIJELO_011.jpg\"><img loading=\"lazy\" decoding=\"async\" width=\"480\" height=\"360\" src=\"https:\/\/kastelir-labinci.com\/wp-content\/uploads\/2021\/05\/Labinci_Civilne_CRNO-BIJELO_011-480x360.jpg\" alt=\"\" data-id=\"4625\" data-full-url=\"https:\/\/kastelir-labinci.com\/wp-content\/uploads\/2021\/05\/Labinci_Civilne_CRNO-BIJELO_011.jpg\" data-link=\"https:\/\/kastelir-labinci.com\/labinci_civilne_crno-bijelo_011\/\" class=\"wp-image-4625\" srcset=\"https:\/\/kastelir-labinci.com\/wp-content\/uploads\/2021\/05\/Labinci_Civilne_CRNO-BIJELO_011-480x360.jpg 480w, https:\/\/kastelir-labinci.com\/wp-content\/uploads\/2021\/05\/Labinci_Civilne_CRNO-BIJELO_011-640x480.jpg 640w\" sizes=\"(max-width: 480px) 100vw, 480px\" \/><\/a><\/figure><\/li><li class=\"blocks-gallery-item\"><figure><a href=\"https:\/\/kastelir-labinci.com\/wp-content\/uploads\/2021\/05\/120.jpg\"><img loading=\"lazy\" decoding=\"async\" width=\"480\" height=\"360\" src=\"https:\/\/kastelir-labinci.com\/wp-content\/uploads\/2021\/05\/120-480x360.jpg\" alt=\"\" data-id=\"4613\" data-full-url=\"https:\/\/kastelir-labinci.com\/wp-content\/uploads\/2021\/05\/120.jpg\" data-link=\"https:\/\/kastelir-labinci.com\/120\/\" class=\"wp-image-4613\" srcset=\"https:\/\/kastelir-labinci.com\/wp-content\/uploads\/2021\/05\/120-480x360.jpg 480w, https:\/\/kastelir-labinci.com\/wp-content\/uploads\/2021\/05\/120-640x480.jpg 640w\" sizes=\"(max-width: 480px) 100vw, 480px\" \/><\/a><\/figure><\/li><li class=\"blocks-gallery-item\"><figure><a href=\"https:\/\/kastelir-labinci.com\/wp-content\/uploads\/2021\/05\/Labinci_Civilne_CRNO-BIJELO_007.jpg\"><img loading=\"lazy\" decoding=\"async\" width=\"480\" height=\"360\" src=\"https:\/\/kastelir-labinci.com\/wp-content\/uploads\/2021\/05\/Labinci_Civilne_CRNO-BIJELO_007-480x360.jpg\" alt=\"\" data-id=\"4621\" data-full-url=\"https:\/\/kastelir-labinci.com\/wp-content\/uploads\/2021\/05\/Labinci_Civilne_CRNO-BIJELO_007.jpg\" data-link=\"https:\/\/kastelir-labinci.com\/labinci_civilne_crno-bijelo_007\/\" class=\"wp-image-4621\"\/><\/a><\/figure><\/li><li class=\"blocks-gallery-item\"><figure><a href=\"https:\/\/kastelir-labinci.com\/wp-content\/uploads\/2021\/05\/Labinci_Civilne_CRNO-BIJELO_008.jpg\"><img loading=\"lazy\" decoding=\"async\" width=\"480\" height=\"360\" src=\"https:\/\/kastelir-labinci.com\/wp-content\/uploads\/2021\/05\/Labinci_Civilne_CRNO-BIJELO_008-480x360.jpg\" alt=\"\" data-id=\"4623\" data-full-url=\"https:\/\/kastelir-labinci.com\/wp-content\/uploads\/2021\/05\/Labinci_Civilne_CRNO-BIJELO_008.jpg\" data-link=\"https:\/\/kastelir-labinci.com\/labinci_civilne_crno-bijelo_008\/\" class=\"wp-image-4623\" srcset=\"https:\/\/kastelir-labinci.com\/wp-content\/uploads\/2021\/05\/Labinci_Civilne_CRNO-BIJELO_008-480x360.jpg 480w, https:\/\/kastelir-labinci.com\/wp-content\/uploads\/2021\/05\/Labinci_Civilne_CRNO-BIJELO_008-640x480.jpg 640w\" sizes=\"(max-width: 480px) 100vw, 480px\" \/><\/a><\/figure><\/li><li class=\"blocks-gallery-item\"><figure><a href=\"https:\/\/kastelir-labinci.com\/wp-content\/uploads\/2021\/05\/Labinci_Civilne_CRNO-BIJELO_005.jpg\"><img loading=\"lazy\" decoding=\"async\" width=\"480\" height=\"360\" src=\"https:\/\/kastelir-labinci.com\/wp-content\/uploads\/2021\/05\/Labinci_Civilne_CRNO-BIJELO_005-480x360.jpg\" alt=\"\" data-id=\"4619\" data-full-url=\"https:\/\/kastelir-labinci.com\/wp-content\/uploads\/2021\/05\/Labinci_Civilne_CRNO-BIJELO_005.jpg\" data-link=\"https:\/\/kastelir-labinci.com\/labinci_civilne_crno-bijelo_005\/\" class=\"wp-image-4619\" srcset=\"https:\/\/kastelir-labinci.com\/wp-content\/uploads\/2021\/05\/Labinci_Civilne_CRNO-BIJELO_005-480x360.jpg 480w, https:\/\/kastelir-labinci.com\/wp-content\/uploads\/2021\/05\/Labinci_Civilne_CRNO-BIJELO_005-640x480.jpg 640w\" sizes=\"(max-width: 480px) 100vw, 480px\" \/><\/a><\/figure><\/li><li class=\"blocks-gallery-item\"><figure><a href=\"https:\/\/kastelir-labinci.com\/wp-content\/uploads\/2021\/05\/Labinci_Civilne_CRNO-BIJELO_003.jpg\"><img loading=\"lazy\" decoding=\"async\" width=\"480\" height=\"360\" src=\"https:\/\/kastelir-labinci.com\/wp-content\/uploads\/2021\/05\/Labinci_Civilne_CRNO-BIJELO_003-480x360.jpg\" alt=\"\" data-id=\"4615\" data-full-url=\"https:\/\/kastelir-labinci.com\/wp-content\/uploads\/2021\/05\/Labinci_Civilne_CRNO-BIJELO_003.jpg\" data-link=\"https:\/\/kastelir-labinci.com\/labinci_civilne_crno-bijelo_003\/\" class=\"wp-image-4615\" srcset=\"https:\/\/kastelir-labinci.com\/wp-content\/uploads\/2021\/05\/Labinci_Civilne_CRNO-BIJELO_003-480x360.jpg 480w, https:\/\/kastelir-labinci.com\/wp-content\/uploads\/2021\/05\/Labinci_Civilne_CRNO-BIJELO_003-640x480.jpg 640w\" sizes=\"(max-width: 480px) 100vw, 480px\" \/><\/a><\/figure><\/li><\/ul><\/figure>\n\n\n\n<h2 class=\"wp-block-heading\">MUSEO ETNOGRAFICO<\/h2>\n\n\n\n<p>Coltiviamo la nostra tradizione anche attraverso reperti accuratamente conservati in mostra nel Museo Etnografico. Sei invitato a fare un salto nel passato e vedere come viveva la gente di questi luoghi. \u00c8 una collezione con l&#8217;anima, creata da entusiasmo e amore. Il suo fondatore \u00e8 Vittorio Rossoni, nato nel 1942 a Ka\u0161telir. A tredici anni si rec\u00f2 con la madre a Trieste, dove visse, trov\u00f2 lavoro e mise su famiglia. Il suo amore per la patria lo attirava da sempre e vi ritornava sopraffatto dalle emozioni. Quando decise di ristrutturare la casa di famiglia, trov\u00f2 diversi oggetti antichi che erano, di fatto, l&#8217;inizio della sua collezione. Man mano che l&#8217;amore per l&#8217;antiquariato cresceva, Vittorio cercava di trovare nuovi oggetti per la sua raccolta, scartati in natura o nelle famiglie locali. Cos\u00ec, nel corso di due decenni, la sua taverna si \u00e8 riempita di numerosi reperti che raccontano storie di fabbri, falegnami, tagliapietre, calzolai, bottai&#8230; tutte quelle persone solerti della nostra regione sulla cui eredit\u00e0 abbiamo costruito la vita di oggi. Oltre a questi oggetti, Rossoni ha conservato anche un patrimonio di altro genere: informazioni sui loro nomi antichi, modi di produzione e utilizzo, conoscenze che trasformano le cose scartate in uno scrigno di ricordi. Nel tempo Vittorio Rossoni ha donato questi oggetti raccolti alla sua citt\u00e0 natale. La collezione \u00e8 stata elaborata professionalmente e valorizzata.<\/p>\n\n\n\n<p><\/p>\n\n\n\n<figure class=\"wp-block-gallery columns-4 is-cropped wp-block-gallery-2 is-layout-flex wp-block-gallery-is-layout-flex\"><ul class=\"blocks-gallery-grid\"><li class=\"blocks-gallery-item\"><figure><a href=\"https:\/\/kastelir-labinci.com\/wp-content\/uploads\/2020\/08\/20190820_122050.jpg\"><img loading=\"lazy\" decoding=\"async\" width=\"480\" height=\"360\" src=\"https:\/\/kastelir-labinci.com\/wp-content\/uploads\/2020\/08\/20190820_122050-480x360.jpg\" alt=\"\" data-id=\"2927\" data-full-url=\"https:\/\/kastelir-labinci.com\/wp-content\/uploads\/2020\/08\/20190820_122050.jpg\" data-link=\"https:\/\/kastelir-labinci.com\/2020\/08\/13\/etno-muzej\/20190820_122050-2\/\" class=\"wp-image-2927\" srcset=\"https:\/\/kastelir-labinci.com\/wp-content\/uploads\/2020\/08\/20190820_122050-480x360.jpg 480w, https:\/\/kastelir-labinci.com\/wp-content\/uploads\/2020\/08\/20190820_122050-640x480.jpg 640w\" sizes=\"(max-width: 480px) 100vw, 480px\" \/><\/a><\/figure><\/li><li class=\"blocks-gallery-item\"><figure><a href=\"https:\/\/kastelir-labinci.com\/wp-content\/uploads\/2020\/08\/20190820_113453.jpg\"><img loading=\"lazy\" decoding=\"async\" width=\"480\" height=\"360\" src=\"https:\/\/kastelir-labinci.com\/wp-content\/uploads\/2020\/08\/20190820_113453-480x360.jpg\" alt=\"\" data-id=\"4415\" data-full-url=\"https:\/\/kastelir-labinci.com\/wp-content\/uploads\/2020\/08\/20190820_113453.jpg\" data-link=\"https:\/\/kastelir-labinci.com\/2020\/08\/13\/etno-muzej\/20190820_113453\/\" class=\"wp-image-4415\" srcset=\"https:\/\/kastelir-labinci.com\/wp-content\/uploads\/2020\/08\/20190820_113453-480x360.jpg 480w, https:\/\/kastelir-labinci.com\/wp-content\/uploads\/2020\/08\/20190820_113453-300x225.jpg 300w, https:\/\/kastelir-labinci.com\/wp-content\/uploads\/2020\/08\/20190820_113453-1024x768.jpg 1024w, https:\/\/kastelir-labinci.com\/wp-content\/uploads\/2020\/08\/20190820_113453-768x576.jpg 768w, https:\/\/kastelir-labinci.com\/wp-content\/uploads\/2020\/08\/20190820_113453-640x480.jpg 640w, https:\/\/kastelir-labinci.com\/wp-content\/uploads\/2020\/08\/20190820_113453-1536x1152.jpg 1536w, https:\/\/kastelir-labinci.com\/wp-content\/uploads\/2020\/08\/20190820_113453.jpg 1920w\" sizes=\"(max-width: 480px) 100vw, 480px\" \/><\/a><\/figure><\/li><li class=\"blocks-gallery-item\"><figure><a href=\"https:\/\/kastelir-labinci.com\/wp-content\/uploads\/2020\/08\/20190820_122058.jpg\"><img loading=\"lazy\" decoding=\"async\" width=\"480\" height=\"360\" src=\"https:\/\/kastelir-labinci.com\/wp-content\/uploads\/2020\/08\/20190820_122058-480x360.jpg\" alt=\"\" data-id=\"4414\" data-full-url=\"https:\/\/kastelir-labinci.com\/wp-content\/uploads\/2020\/08\/20190820_122058.jpg\" data-link=\"https:\/\/kastelir-labinci.com\/2020\/08\/13\/etno-muzej\/20190820_122058\/\" class=\"wp-image-4414\" srcset=\"https:\/\/kastelir-labinci.com\/wp-content\/uploads\/2020\/08\/20190820_122058-480x360.jpg 480w, https:\/\/kastelir-labinci.com\/wp-content\/uploads\/2020\/08\/20190820_122058-640x480.jpg 640w\" sizes=\"(max-width: 480px) 100vw, 480px\" \/><\/a><\/figure><\/li><li class=\"blocks-gallery-item\"><figure><a href=\"https:\/\/kastelir-labinci.com\/wp-content\/uploads\/2020\/08\/20190820_122112.jpg\"><img loading=\"lazy\" decoding=\"async\" width=\"480\" height=\"360\" src=\"https:\/\/kastelir-labinci.com\/wp-content\/uploads\/2020\/08\/20190820_122112-480x360.jpg\" alt=\"\" data-id=\"4413\" data-full-url=\"https:\/\/kastelir-labinci.com\/wp-content\/uploads\/2020\/08\/20190820_122112.jpg\" data-link=\"https:\/\/kastelir-labinci.com\/2020\/08\/13\/etno-muzej\/20190820_122112\/\" class=\"wp-image-4413\" srcset=\"https:\/\/kastelir-labinci.com\/wp-content\/uploads\/2020\/08\/20190820_122112-480x360.jpg 480w, https:\/\/kastelir-labinci.com\/wp-content\/uploads\/2020\/08\/20190820_122112-300x225.jpg 300w, https:\/\/kastelir-labinci.com\/wp-content\/uploads\/2020\/08\/20190820_122112-1024x768.jpg 1024w, https:\/\/kastelir-labinci.com\/wp-content\/uploads\/2020\/08\/20190820_122112-768x576.jpg 768w, https:\/\/kastelir-labinci.com\/wp-content\/uploads\/2020\/08\/20190820_122112-640x480.jpg 640w, https:\/\/kastelir-labinci.com\/wp-content\/uploads\/2020\/08\/20190820_122112-1536x1152.jpg 1536w, https:\/\/kastelir-labinci.com\/wp-content\/uploads\/2020\/08\/20190820_122112.jpg 1920w\" sizes=\"(max-width: 480px) 100vw, 480px\" \/><\/a><\/figure><\/li><li class=\"blocks-gallery-item\"><figure><a href=\"https:\/\/kastelir-labinci.com\/wp-content\/uploads\/2020\/08\/20190820_122158.jpg\"><img loading=\"lazy\" decoding=\"async\" width=\"480\" height=\"360\" src=\"https:\/\/kastelir-labinci.com\/wp-content\/uploads\/2020\/08\/20190820_122158-480x360.jpg\" alt=\"\" data-id=\"4412\" data-full-url=\"https:\/\/kastelir-labinci.com\/wp-content\/uploads\/2020\/08\/20190820_122158.jpg\" data-link=\"https:\/\/kastelir-labinci.com\/2020\/08\/13\/etno-muzej\/20190820_122158\/\" class=\"wp-image-4412\" srcset=\"https:\/\/kastelir-labinci.com\/wp-content\/uploads\/2020\/08\/20190820_122158-480x360.jpg 480w, https:\/\/kastelir-labinci.com\/wp-content\/uploads\/2020\/08\/20190820_122158-640x480.jpg 640w\" sizes=\"(max-width: 480px) 100vw, 480px\" \/><\/a><\/figure><\/li><li class=\"blocks-gallery-item\"><figure><a href=\"https:\/\/kastelir-labinci.com\/wp-content\/uploads\/2020\/08\/20190820_113444.jpg\"><img loading=\"lazy\" decoding=\"async\" width=\"480\" height=\"360\" src=\"https:\/\/kastelir-labinci.com\/wp-content\/uploads\/2020\/08\/20190820_113444-480x360.jpg\" alt=\"\" data-id=\"2926\" data-full-url=\"https:\/\/kastelir-labinci.com\/wp-content\/uploads\/2020\/08\/20190820_113444.jpg\" data-link=\"https:\/\/kastelir-labinci.com\/2020\/08\/13\/etno-muzej\/20190820_113444-2\/\" class=\"wp-image-2926\" srcset=\"https:\/\/kastelir-labinci.com\/wp-content\/uploads\/2020\/08\/20190820_113444-480x360.jpg 480w, https:\/\/kastelir-labinci.com\/wp-content\/uploads\/2020\/08\/20190820_113444-300x225.jpg 300w, https:\/\/kastelir-labinci.com\/wp-content\/uploads\/2020\/08\/20190820_113444-1024x768.jpg 1024w, https:\/\/kastelir-labinci.com\/wp-content\/uploads\/2020\/08\/20190820_113444-768x576.jpg 768w, https:\/\/kastelir-labinci.com\/wp-content\/uploads\/2020\/08\/20190820_113444-640x480.jpg 640w, https:\/\/kastelir-labinci.com\/wp-content\/uploads\/2020\/08\/20190820_113444-1536x1152.jpg 1536w, https:\/\/kastelir-labinci.com\/wp-content\/uploads\/2020\/08\/20190820_113444.jpg 1920w\" sizes=\"(max-width: 480px) 100vw, 480px\" \/><\/a><\/figure><\/li><\/ul><\/figure>\n\n\n\n<p><\/p>\n","protected":false},"excerpt":{"rendered":"<p>Siamo orgogliosi della ricca storia e degli edifici che sono i testimoni del passato, tra cui sicuramente due antiche chiese, che puoi visitare e ammirare al loro interno i motivi [&hellip;]<\/p>\n","protected":false},"author":1,"featured_media":7406,"comment_status":"closed","ping_status":"closed","sticky":false,"template":"","format":"standard","meta":{"_citadela_custom_class":"","footnotes":""},"categories":[243],"tags":[],"citadela-post-location":[],"class_list":["post-7405","post","type-post","status-publish","format-standard","has-post-thumbnail","hentry","category-about-us-it"],"yoast_head":"<!-- This site is optimized with the Yoast SEO plugin v25.2 - https:\/\/yoast.com\/wordpress\/plugins\/seo\/ -->\n<title>PASSEGGIATA ATTRAVERSO LA STORIA - Together in<\/title>\n<meta name=\"description\" content=\"Together in Ka\u0161telir Labinci\" \/>\n<meta name=\"robots\" content=\"index, follow, max-snippet:-1, max-image-preview:large, max-video-preview:-1\" \/>\n<link rel=\"canonical\" href=\"https:\/\/kastelir-labinci.com\/it\/2021\/05\/25\/passeggiata-attraverso-la-storia\/\" \/>\n<meta property=\"og:locale\" content=\"it_IT\" \/>\n<meta property=\"og:type\" content=\"article\" \/>\n<meta property=\"og:title\" content=\"PASSEGGIATA ATTRAVERSO LA STORIA - Together in\" \/>\n<meta property=\"og:description\" content=\"Together in Ka\u0161telir Labinci\" \/>\n<meta property=\"og:url\" content=\"https:\/\/kastelir-labinci.com\/it\/2021\/05\/25\/passeggiata-attraverso-la-storia\/\" \/>\n<meta property=\"og:site_name\" content=\"Together in\" \/>\n<meta property=\"article:published_time\" content=\"2021-05-25T11:34:16+00:00\" \/>\n<meta property=\"article:modified_time\" content=\"2021-08-08T16:29:48+00:00\" \/>\n<meta property=\"og:image\" content=\"https:\/\/kastelir-labinci.com\/wp-content\/uploads\/2021\/05\/Labinci_Crkvene_COLOR_047-1024x757.jpg\" \/>\n\t<meta property=\"og:image:width\" content=\"1024\" \/>\n\t<meta property=\"og:image:height\" content=\"757\" \/>\n\t<meta property=\"og:image:type\" content=\"image\/jpeg\" \/>\n<meta name=\"author\" content=\"TZ Ka\u0161telir-Labinci\" \/>\n<meta name=\"twitter:card\" content=\"summary_large_image\" \/>\n<meta name=\"twitter:label1\" content=\"Scritto da\" \/>\n\t<meta name=\"twitter:data1\" content=\"TZ Ka\u0161telir-Labinci\" \/>\n\t<meta name=\"twitter:label2\" content=\"Tempo di lettura stimato\" \/>\n\t<meta name=\"twitter:data2\" content=\"7 minuti\" \/>\n<script type=\"application\/ld+json\" class=\"yoast-schema-graph\">{\"@context\":\"https:\/\/schema.org\",\"@graph\":[{\"@type\":\"Article\",\"@id\":\"https:\/\/kastelir-labinci.com\/it\/2021\/05\/25\/passeggiata-attraverso-la-storia\/#article\",\"isPartOf\":{\"@id\":\"https:\/\/kastelir-labinci.com\/it\/2021\/05\/25\/passeggiata-attraverso-la-storia\/\"},\"author\":{\"name\":\"TZ Ka\u0161telir-Labinci\",\"@id\":\"https:\/\/kastelir-labinci.com\/it\/#\/schema\/person\/e7fb7a2fc2e8cc94068a24dd7788bf04\"},\"headline\":\"PASSEGGIATA ATTRAVERSO LA STORIA\",\"datePublished\":\"2021-05-25T11:34:16+00:00\",\"dateModified\":\"2021-08-08T16:29:48+00:00\",\"mainEntityOfPage\":{\"@id\":\"https:\/\/kastelir-labinci.com\/it\/2021\/05\/25\/passeggiata-attraverso-la-storia\/\"},\"wordCount\":760,\"publisher\":{\"@id\":\"https:\/\/kastelir-labinci.com\/it\/#organization\"},\"image\":{\"@id\":\"https:\/\/kastelir-labinci.com\/it\/2021\/05\/25\/passeggiata-attraverso-la-storia\/#primaryimage\"},\"thumbnailUrl\":\"https:\/\/kastelir-labinci.com\/wp-content\/uploads\/2021\/05\/Labinci_Crkvene_COLOR_047.jpg\",\"articleSection\":[\"About us\"],\"inLanguage\":\"it-IT\"},{\"@type\":\"WebPage\",\"@id\":\"https:\/\/kastelir-labinci.com\/it\/2021\/05\/25\/passeggiata-attraverso-la-storia\/\",\"url\":\"https:\/\/kastelir-labinci.com\/it\/2021\/05\/25\/passeggiata-attraverso-la-storia\/\",\"name\":\"PASSEGGIATA ATTRAVERSO LA STORIA - Together in\",\"isPartOf\":{\"@id\":\"https:\/\/kastelir-labinci.com\/it\/#website\"},\"primaryImageOfPage\":{\"@id\":\"https:\/\/kastelir-labinci.com\/it\/2021\/05\/25\/passeggiata-attraverso-la-storia\/#primaryimage\"},\"image\":{\"@id\":\"https:\/\/kastelir-labinci.com\/it\/2021\/05\/25\/passeggiata-attraverso-la-storia\/#primaryimage\"},\"thumbnailUrl\":\"https:\/\/kastelir-labinci.com\/wp-content\/uploads\/2021\/05\/Labinci_Crkvene_COLOR_047.jpg\",\"datePublished\":\"2021-05-25T11:34:16+00:00\",\"dateModified\":\"2021-08-08T16:29:48+00:00\",\"description\":\"Together in Ka\u0161telir Labinci\",\"breadcrumb\":{\"@id\":\"https:\/\/kastelir-labinci.com\/it\/2021\/05\/25\/passeggiata-attraverso-la-storia\/#breadcrumb\"},\"inLanguage\":\"it-IT\",\"potentialAction\":[{\"@type\":\"ReadAction\",\"target\":[\"https:\/\/kastelir-labinci.com\/it\/2021\/05\/25\/passeggiata-attraverso-la-storia\/\"]}]},{\"@type\":\"ImageObject\",\"inLanguage\":\"it-IT\",\"@id\":\"https:\/\/kastelir-labinci.com\/it\/2021\/05\/25\/passeggiata-attraverso-la-storia\/#primaryimage\",\"url\":\"https:\/\/kastelir-labinci.com\/wp-content\/uploads\/2021\/05\/Labinci_Crkvene_COLOR_047.jpg\",\"contentUrl\":\"https:\/\/kastelir-labinci.com\/wp-content\/uploads\/2021\/05\/Labinci_Crkvene_COLOR_047.jpg\",\"width\":1680,\"height\":1242},{\"@type\":\"BreadcrumbList\",\"@id\":\"https:\/\/kastelir-labinci.com\/it\/2021\/05\/25\/passeggiata-attraverso-la-storia\/#breadcrumb\",\"itemListElement\":[{\"@type\":\"ListItem\",\"position\":1,\"name\":\"Home\",\"item\":\"https:\/\/kastelir-labinci.com\/it\/\"},{\"@type\":\"ListItem\",\"position\":2,\"name\":\"PASSEGGIATA ATTRAVERSO LA STORIA\"}]},{\"@type\":\"WebSite\",\"@id\":\"https:\/\/kastelir-labinci.com\/it\/#website\",\"url\":\"https:\/\/kastelir-labinci.com\/it\/\",\"name\":\"Together in\",\"description\":\"- Ka\u0161telir-Labinci\",\"publisher\":{\"@id\":\"https:\/\/kastelir-labinci.com\/it\/#organization\"},\"potentialAction\":[{\"@type\":\"SearchAction\",\"target\":{\"@type\":\"EntryPoint\",\"urlTemplate\":\"https:\/\/kastelir-labinci.com\/it\/?s={search_term_string}\"},\"query-input\":{\"@type\":\"PropertyValueSpecification\",\"valueRequired\":true,\"valueName\":\"search_term_string\"}}],\"inLanguage\":\"it-IT\"},{\"@type\":\"Organization\",\"@id\":\"https:\/\/kastelir-labinci.com\/it\/#organization\",\"name\":\"TOGETHER IN Ka\u0161telir - Labinci, turisti\u010dka zajednica\",\"url\":\"https:\/\/kastelir-labinci.com\/it\/\",\"logo\":{\"@type\":\"ImageObject\",\"inLanguage\":\"it-IT\",\"@id\":\"https:\/\/kastelir-labinci.com\/it\/#\/schema\/logo\/image\/\",\"url\":\"https:\/\/kastelir-labinci.com\/wp-content\/uploads\/2020\/08\/logotip-3.png\",\"contentUrl\":\"https:\/\/kastelir-labinci.com\/wp-content\/uploads\/2020\/08\/logotip-3.png\",\"width\":512,\"height\":326,\"caption\":\"TOGETHER IN Ka\u0161telir - Labinci, turisti\u010dka zajednica\"},\"image\":{\"@id\":\"https:\/\/kastelir-labinci.com\/it\/#\/schema\/logo\/image\/\"}},{\"@type\":\"Person\",\"@id\":\"https:\/\/kastelir-labinci.com\/it\/#\/schema\/person\/e7fb7a2fc2e8cc94068a24dd7788bf04\",\"name\":\"TZ Ka\u0161telir-Labinci\",\"image\":{\"@type\":\"ImageObject\",\"inLanguage\":\"it-IT\",\"@id\":\"https:\/\/kastelir-labinci.com\/it\/#\/schema\/person\/image\/\",\"url\":\"https:\/\/secure.gravatar.com\/avatar\/54b09608efc4cdcfc35cbbd080b2cff1?s=96&d=mm&r=g\",\"contentUrl\":\"https:\/\/secure.gravatar.com\/avatar\/54b09608efc4cdcfc35cbbd080b2cff1?s=96&d=mm&r=g\",\"caption\":\"TZ Ka\u0161telir-Labinci\"},\"sameAs\":[\"http:\/\/kastelir-labinci.com\"]}]}<\/script>\n<!-- \/ Yoast SEO plugin. -->","yoast_head_json":{"title":"PASSEGGIATA ATTRAVERSO LA STORIA - Together in","description":"Together in Ka\u0161telir Labinci","robots":{"index":"index","follow":"follow","max-snippet":"max-snippet:-1","max-image-preview":"max-image-preview:large","max-video-preview":"max-video-preview:-1"},"canonical":"https:\/\/kastelir-labinci.com\/it\/2021\/05\/25\/passeggiata-attraverso-la-storia\/","og_locale":"it_IT","og_type":"article","og_title":"PASSEGGIATA ATTRAVERSO LA STORIA - Together in","og_description":"Together in Ka\u0161telir Labinci","og_url":"https:\/\/kastelir-labinci.com\/it\/2021\/05\/25\/passeggiata-attraverso-la-storia\/","og_site_name":"Together in","article_published_time":"2021-05-25T11:34:16+00:00","article_modified_time":"2021-08-08T16:29:48+00:00","og_image":[{"width":1024,"height":757,"url":"https:\/\/kastelir-labinci.com\/wp-content\/uploads\/2021\/05\/Labinci_Crkvene_COLOR_047-1024x757.jpg","type":"image\/jpeg"}],"author":"TZ Ka\u0161telir-Labinci","twitter_card":"summary_large_image","twitter_misc":{"Scritto da":"TZ Ka\u0161telir-Labinci","Tempo di lettura stimato":"7 minuti"},"schema":{"@context":"https:\/\/schema.org","@graph":[{"@type":"Article","@id":"https:\/\/kastelir-labinci.com\/it\/2021\/05\/25\/passeggiata-attraverso-la-storia\/#article","isPartOf":{"@id":"https:\/\/kastelir-labinci.com\/it\/2021\/05\/25\/passeggiata-attraverso-la-storia\/"},"author":{"name":"TZ Ka\u0161telir-Labinci","@id":"https:\/\/kastelir-labinci.com\/it\/#\/schema\/person\/e7fb7a2fc2e8cc94068a24dd7788bf04"},"headline":"PASSEGGIATA ATTRAVERSO LA STORIA","datePublished":"2021-05-25T11:34:16+00:00","dateModified":"2021-08-08T16:29:48+00:00","mainEntityOfPage":{"@id":"https:\/\/kastelir-labinci.com\/it\/2021\/05\/25\/passeggiata-attraverso-la-storia\/"},"wordCount":760,"publisher":{"@id":"https:\/\/kastelir-labinci.com\/it\/#organization"},"image":{"@id":"https:\/\/kastelir-labinci.com\/it\/2021\/05\/25\/passeggiata-attraverso-la-storia\/#primaryimage"},"thumbnailUrl":"https:\/\/kastelir-labinci.com\/wp-content\/uploads\/2021\/05\/Labinci_Crkvene_COLOR_047.jpg","articleSection":["About us"],"inLanguage":"it-IT"},{"@type":"WebPage","@id":"https:\/\/kastelir-labinci.com\/it\/2021\/05\/25\/passeggiata-attraverso-la-storia\/","url":"https:\/\/kastelir-labinci.com\/it\/2021\/05\/25\/passeggiata-attraverso-la-storia\/","name":"PASSEGGIATA ATTRAVERSO LA STORIA - Together in","isPartOf":{"@id":"https:\/\/kastelir-labinci.com\/it\/#website"},"primaryImageOfPage":{"@id":"https:\/\/kastelir-labinci.com\/it\/2021\/05\/25\/passeggiata-attraverso-la-storia\/#primaryimage"},"image":{"@id":"https:\/\/kastelir-labinci.com\/it\/2021\/05\/25\/passeggiata-attraverso-la-storia\/#primaryimage"},"thumbnailUrl":"https:\/\/kastelir-labinci.com\/wp-content\/uploads\/2021\/05\/Labinci_Crkvene_COLOR_047.jpg","datePublished":"2021-05-25T11:34:16+00:00","dateModified":"2021-08-08T16:29:48+00:00","description":"Together in Ka\u0161telir Labinci","breadcrumb":{"@id":"https:\/\/kastelir-labinci.com\/it\/2021\/05\/25\/passeggiata-attraverso-la-storia\/#breadcrumb"},"inLanguage":"it-IT","potentialAction":[{"@type":"ReadAction","target":["https:\/\/kastelir-labinci.com\/it\/2021\/05\/25\/passeggiata-attraverso-la-storia\/"]}]},{"@type":"ImageObject","inLanguage":"it-IT","@id":"https:\/\/kastelir-labinci.com\/it\/2021\/05\/25\/passeggiata-attraverso-la-storia\/#primaryimage","url":"https:\/\/kastelir-labinci.com\/wp-content\/uploads\/2021\/05\/Labinci_Crkvene_COLOR_047.jpg","contentUrl":"https:\/\/kastelir-labinci.com\/wp-content\/uploads\/2021\/05\/Labinci_Crkvene_COLOR_047.jpg","width":1680,"height":1242},{"@type":"BreadcrumbList","@id":"https:\/\/kastelir-labinci.com\/it\/2021\/05\/25\/passeggiata-attraverso-la-storia\/#breadcrumb","itemListElement":[{"@type":"ListItem","position":1,"name":"Home","item":"https:\/\/kastelir-labinci.com\/it\/"},{"@type":"ListItem","position":2,"name":"PASSEGGIATA ATTRAVERSO LA STORIA"}]},{"@type":"WebSite","@id":"https:\/\/kastelir-labinci.com\/it\/#website","url":"https:\/\/kastelir-labinci.com\/it\/","name":"Together in","description":"- Ka\u0161telir-Labinci","publisher":{"@id":"https:\/\/kastelir-labinci.com\/it\/#organization"},"potentialAction":[{"@type":"SearchAction","target":{"@type":"EntryPoint","urlTemplate":"https:\/\/kastelir-labinci.com\/it\/?s={search_term_string}"},"query-input":{"@type":"PropertyValueSpecification","valueRequired":true,"valueName":"search_term_string"}}],"inLanguage":"it-IT"},{"@type":"Organization","@id":"https:\/\/kastelir-labinci.com\/it\/#organization","name":"TOGETHER IN Ka\u0161telir - Labinci, turisti\u010dka zajednica","url":"https:\/\/kastelir-labinci.com\/it\/","logo":{"@type":"ImageObject","inLanguage":"it-IT","@id":"https:\/\/kastelir-labinci.com\/it\/#\/schema\/logo\/image\/","url":"https:\/\/kastelir-labinci.com\/wp-content\/uploads\/2020\/08\/logotip-3.png","contentUrl":"https:\/\/kastelir-labinci.com\/wp-content\/uploads\/2020\/08\/logotip-3.png","width":512,"height":326,"caption":"TOGETHER IN Ka\u0161telir - Labinci, turisti\u010dka zajednica"},"image":{"@id":"https:\/\/kastelir-labinci.com\/it\/#\/schema\/logo\/image\/"}},{"@type":"Person","@id":"https:\/\/kastelir-labinci.com\/it\/#\/schema\/person\/e7fb7a2fc2e8cc94068a24dd7788bf04","name":"TZ Ka\u0161telir-Labinci","image":{"@type":"ImageObject","inLanguage":"it-IT","@id":"https:\/\/kastelir-labinci.com\/it\/#\/schema\/person\/image\/","url":"https:\/\/secure.gravatar.com\/avatar\/54b09608efc4cdcfc35cbbd080b2cff1?s=96&d=mm&r=g","contentUrl":"https:\/\/secure.gravatar.com\/avatar\/54b09608efc4cdcfc35cbbd080b2cff1?s=96&d=mm&r=g","caption":"TZ Ka\u0161telir-Labinci"},"sameAs":["http:\/\/kastelir-labinci.com"]}]}},"_links":{"self":[{"href":"https:\/\/kastelir-labinci.com\/it\/wp-json\/wp\/v2\/posts\/7405"}],"collection":[{"href":"https:\/\/kastelir-labinci.com\/it\/wp-json\/wp\/v2\/posts"}],"about":[{"href":"https:\/\/kastelir-labinci.com\/it\/wp-json\/wp\/v2\/types\/post"}],"author":[{"embeddable":true,"href":"https:\/\/kastelir-labinci.com\/it\/wp-json\/wp\/v2\/users\/1"}],"replies":[{"embeddable":true,"href":"https:\/\/kastelir-labinci.com\/it\/wp-json\/wp\/v2\/comments?post=7405"}],"version-history":[{"count":4,"href":"https:\/\/kastelir-labinci.com\/it\/wp-json\/wp\/v2\/posts\/7405\/revisions"}],"predecessor-version":[{"id":7439,"href":"https:\/\/kastelir-labinci.com\/it\/wp-json\/wp\/v2\/posts\/7405\/revisions\/7439"}],"wp:featuredmedia":[{"embeddable":true,"href":"https:\/\/kastelir-labinci.com\/it\/wp-json\/wp\/v2\/media\/7406"}],"wp:attachment":[{"href":"https:\/\/kastelir-labinci.com\/it\/wp-json\/wp\/v2\/media?parent=7405"}],"wp:term":[{"taxonomy":"category","embeddable":true,"href":"https:\/\/kastelir-labinci.com\/it\/wp-json\/wp\/v2\/categories?post=7405"},{"taxonomy":"post_tag","embeddable":true,"href":"https:\/\/kastelir-labinci.com\/it\/wp-json\/wp\/v2\/tags?post=7405"},{"taxonomy":"citadela-post-location","embeddable":true,"href":"https:\/\/kastelir-labinci.com\/it\/wp-json\/wp\/v2\/citadela-post-location?post=7405"}],"curies":[{"name":"wp","href":"https:\/\/api.w.org\/{rel}","templated":true}]}}